{"id":716,"count":28,"description":"<div class=\"dnk-category-intro dnk-changing-hair\">\r\n\r\n    <div class=\"dnk-category-intro__text\">\r\n        <h2>Cuidados naturais para o cabelo em transforma\u00e7\u00e3o<\/h2>\r\n\r\n        <p>\r\n            Merk je dat je haar anders aanvoelt of reageert dan vroeger?\r\n            Misschien wordt het fijner, droger of stugger, verandert je natuurlijke haarkleur of is je hoofdhuid gevoeliger geworden.\r\n        <\/p>\r\n\r\n        <p>\r\n            Isso \u00e9 perfeitamente normal. O teu cabelo muda contigo. Nesta p\u00e1gina, encontrar\u00e1s produtos naturais para o cuidado do cabelo, colora\u00e7\u00f5es \u00e0 base de plantas e rotinas completas cuidadosamente selecionadas, adequadas ao teu cabelo neste momento.\r\n        <\/p>\r\n    <\/div>\r\n\r\n    <div class=\"dnk-category-choices\">\r\n\r\n        <a class=\"dnk-category-choice\" href=\"\/pt\/adequado-para\/cabelo-fino-e-delicado\/\">\r\n            <span class=\"dnk-category-choice__title\">\r\n                Cabelo cada vez mais fino\r\n            <\/span>\r\n            <span class=\"dnk-category-choice__text\">\r\n                Cuidados leves, volume e produtos que n\u00e3o sobrecarregam o cabelo desnecessariamente.\r\n            <\/span>\r\n            <span class=\"dnk-category-choice__button\">\r\n                Ver produtos\r\n            <\/span>\r\n        <\/a>\r\n\r\n        <a class=\"dnk-category-choice\" href=\"\/pt\/adequado-para\/cabelo-seco\/\">\r\n            <span class=\"dnk-category-choice__title\">\r\n                Cabelo seco ou sem elasticidade\r\n            <\/span>\r\n            <span class=\"dnk-category-choice__text\">\r\n                Para mais suavidade, elasticidade, nutri\u00e7\u00e3o e brilho natural.\r\n            <\/span>\r\n            <span class=\"dnk-category-choice__button\">\r\n                Ver produtos\r\n            <\/span>\r\n        <\/a>\r\n\r\n        <a class=\"dnk-category-choice\" href=\"\/pt\/adequado-para\/couro-cabeludo-sensivel-2\/\">\r\n            <span class=\"dnk-category-choice__title\">\r\n                Cabelos sens\u00edveis\r\n            <\/span>\r\n            <span class=\"dnk-category-choice__text\">\r\n                Limpeza e cuidado suaves para um couro cabeludo sens\u00edvel ou que se irrita facilmente.\r\n            <\/span>\r\n            <span class=\"dnk-category-choice__button\">\r\n                Ver produtos\r\n            <\/span>\r\n        <\/a>\r\n\r\n        <a class=\"dnk-category-choice\" href=\"\/pt\/adequado-para\/cabelos-grisalhos\/\">\r\n            <span class=\"dnk-category-choice__title\">\r\n                Cuidar do cabelo grisalho\r\n            <\/span>\r\n            <span class=\"dnk-category-choice__text\">\r\n                Cuidados para cabelos grisalhos que se apresentam mais secos, sem brilho ou um pouco mais \u00e1speros ao toque.\r\n            <\/span>\r\n            <span class=\"dnk-category-choice__button\">\r\n                Ver produtos\r\n            <\/span>\r\n        <\/a>\r\n\r\n        <a class=\"dnk-category-choice\" href=\"\/pt\/mascara-para-o-cabelo\/\">\r\n            <span class=\"dnk-category-choice__title\">\r\n                Esconder as ra\u00edzes grisalhas\r\n            <\/span>\r\n            <span class=\"dnk-category-choice__text\">\r\n                Disfar\u00e7a temporariamente a raiz vis\u00edvel, sem ter de pintar todo o cabelo de imediato.\r\n            <\/span>\r\n            <span class=\"dnk-category-choice__button\">\r\n                Ver solu\u00e7\u00f5es\r\n            <\/span>\r\n        <\/a>\r\n\r\n        <a class=\"dnk-category-choice\" href=\"\/pt\/coloracao-vegetal\/\">\r\n            <span class=\"dnk-category-choice__title\">\r\n                Cores naturais\r\n            <\/span>\r\n            <span class=\"dnk-category-choice__text\">\r\n                Pinte o cabelo e a raiz com tintas vegetais cuidadosamente selecionadas.\r\n            <\/span>\r\n            <span class=\"dnk-category-choice__button\">\r\n                Descubra a colora\u00e7\u00e3o de plantas\r\n            <\/span>\r\n        <\/a>\r\n\r\n    <\/div>\r\n\r\n  <div class=\"dnk-category-products-intro\">\r\n    <h2>A nossa sele\u00e7\u00e3o para cabelos em transforma\u00e7\u00e3o<\/h2>\r\n\r\n    <p>Descubra a nossa sele\u00e7\u00e3o cuidadosamente escolhida de champ\u00f4s, condicionadores, m\u00e1scaras capilares, produtos para o cuidado do couro cabeludo, colora\u00e7\u00f5es \u00e0 base de plantas e rotinas completas para cabelos que se tornam mais finos, mais secos, com mais cabelos brancos ou mais sens\u00edveis.<\/p>\r\n<\/div>\r\n\r\n<\/div>","link":"https:\/\/www.denatuurlijkekappershop.nl\/pt\/haar-dat-verandert\/","name":"O cabelo que muda","slug":"o-cabelo-que-muda","taxonomy":"product_cat","parent":0,"meta":[],"menu_order":0,"acf":[],"_links":{"self":[{"href":"https:\/\/www.denatuurlijkekappershop.nl\/pt\/wp-json\/wp\/v2\/product_cat\/716","targetHints":{"allow":["GET"]}}],"collection":[{"href":"https:\/\/www.denatuurlijkekappershop.nl\/pt\/wp-json\/wp\/v2\/product_cat"}],"about":[{"href":"https:\/\/www.denatuurlijkekappershop.nl\/pt\/wp-json\/wp\/v2\/taxonomies\/product_cat"}],"wp:post_type":[{"href":"https:\/\/www.denatuurlijkekappershop.nl\/pt\/wp-json\/wp\/v2\/product?product_cat=716"}],"curies":[{"name":"wp","href":"https:\/\/api.w.org\/{rel}","templated":true}]}}