{"id":716,"count":28,"description":"<div class=\"dnk-category-intro dnk-changing-hair\">\r\n\r\n    <div class=\"dnk-category-intro__text\">\r\n        <h2>Cuidado natural para el cabello en constante cambio<\/h2>\r\n\r\n        <p>\r\n            Merk je dat je haar anders aanvoelt of reageert dan vroeger?\r\n            Misschien wordt het fijner, droger of stugger, verandert je natuurlijke haarkleur of is je hoofdhuid gevoeliger geworden.\r\n        <\/p>\r\n\r\n        <p>\r\n            Es totalmente normal. Tu cabello cambia contigo. En esta p\u00e1gina encontrar\u00e1s productos naturales para el cuidado del cabello, tintes vegetales y rutinas completas cuidadosamente seleccionados que se adaptan a tu cabello tal y como est\u00e1 ahora.\r\n        <\/p>\r\n    <\/div>\r\n\r\n    <div class=\"dnk-category-choices\">\r\n\r\n        <a class=\"dnk-category-choice\" href=\"\/es\/apto-para\/cabello-fino-y-delicado\/\">\r\n            <span class=\"dnk-category-choice__title\">\r\n                Cabello cada vez m\u00e1s fino\r\n            <\/span>\r\n            <span class=\"dnk-category-choice__text\">\r\n                Cuidado ligero, volumen y productos que no apelmazan el cabello innecesariamente.\r\n            <\/span>\r\n            <span class=\"dnk-category-choice__button\">\r\n                Ver productos\r\n            <\/span>\r\n        <\/a>\r\n\r\n        <a class=\"dnk-category-choice\" href=\"\/es\/apto-para\/cabello-seco\/\">\r\n            <span class=\"dnk-category-choice__title\">\r\n                Cabello seco o \u00e1spero\r\n            <\/span>\r\n            <span class=\"dnk-category-choice__text\">\r\n                Para una mayor suavidad, flexibilidad, nutrici\u00f3n y brillo natural.\r\n            <\/span>\r\n            <span class=\"dnk-category-choice__button\">\r\n                Ver productos\r\n            <\/span>\r\n        <\/a>\r\n\r\n        <a class=\"dnk-category-choice\" href=\"\/es\/apto-para\/cuero-cabelludo-sensible\/\">\r\n            <span class=\"dnk-category-choice__title\">\r\n                Cuero cabelludo sensible\r\n            <\/span>\r\n            <span class=\"dnk-category-choice__text\">\r\n                Limpieza y cuidado suaves para un cuero cabelludo sensible o que se irrita con facilidad.\r\n            <\/span>\r\n            <span class=\"dnk-category-choice__button\">\r\n                Ver productos\r\n            <\/span>\r\n        <\/a>\r\n\r\n        <a class=\"dnk-category-choice\" href=\"\/es\/apto-para\/canas\/\">\r\n            <span class=\"dnk-category-choice__title\">\r\n                Cuidado del cabello canoso\r\n            <\/span>\r\n            <span class=\"dnk-category-choice__text\">\r\n                Cuidado para el cabello canoso que se nota m\u00e1s seco, apagado o algo m\u00e1s \u00e1spero al tacto.\r\n            <\/span>\r\n            <span class=\"dnk-category-choice__button\">\r\n                Ver productos\r\n            <\/span>\r\n        <\/a>\r\n\r\n        <a class=\"dnk-category-choice\" href=\"\/es\/mascara-para-el-pelo\/\">\r\n            <span class=\"dnk-category-choice__title\">\r\n                Ocultar las ra\u00edces grises\r\n            <\/span>\r\n            <span class=\"dnk-category-choice__text\">\r\n                Oculta temporalmente las ra\u00edces visibles sin tener que te\u00f1irte todo el pelo de una vez.\r\n            <\/span>\r\n            <span class=\"dnk-category-choice__button\">\r\n                Ver soluciones\r\n            <\/span>\r\n        <\/a>\r\n\r\n        <a class=\"dnk-category-choice\" href=\"\/es\/tincion-de-plantas\/\">\r\n            <span class=\"dnk-category-choice__title\">\r\n                Colores naturales\r\n            <\/span>\r\n            <span class=\"dnk-category-choice__text\">\r\n                Tinte tu cabello y las ra\u00edces con tintes vegetales cuidadosamente seleccionados.\r\n            <\/span>\r\n            <span class=\"dnk-category-choice__button\">\r\n                Descubre la coloraci\u00f3n vegetal\r\n            <\/span>\r\n        <\/a>\r\n\r\n    <\/div>\r\n\r\n  <div class=\"dnk-category-products-intro\">\r\n    <h2>Nuestra selecci\u00f3n para el cabello que cambia<\/h2>\r\n\r\n    <p>Descubre nuestra cuidada selecci\u00f3n de champ\u00fas, acondicionadores, mascarillas capilares, productos para el cuidado del cuero cabelludo, tintes vegetales y rutinas completas para el cabello que se vuelve m\u00e1s fino, m\u00e1s seco, con m\u00e1s canas o m\u00e1s sensible.<\/p>\r\n<\/div>\r\n\r\n<\/div>","link":"https:\/\/www.denatuurlijkekappershop.nl\/es\/haar-dat-verandert\/","name":"El pelo que cambia","slug":"el-pelo-que-cambia","taxonomy":"product_cat","parent":0,"meta":[],"menu_order":0,"acf":[],"_links":{"self":[{"href":"https:\/\/www.denatuurlijkekappershop.nl\/es\/wp-json\/wp\/v2\/product_cat\/716","targetHints":{"allow":["GET"]}}],"collection":[{"href":"https:\/\/www.denatuurlijkekappershop.nl\/es\/wp-json\/wp\/v2\/product_cat"}],"about":[{"href":"https:\/\/www.denatuurlijkekappershop.nl\/es\/wp-json\/wp\/v2\/taxonomies\/product_cat"}],"wp:post_type":[{"href":"https:\/\/www.denatuurlijkekappershop.nl\/es\/wp-json\/wp\/v2\/product?product_cat=716"}],"curies":[{"name":"wp","href":"https:\/\/api.w.org\/{rel}","templated":true}]}}